{"id":538,"date":"2017-06-20T14:07:44","date_gmt":"2017-06-20T12:07:44","guid":{"rendered":"http:\/\/haarindersuppe.com\/?p=538"},"modified":"2017-06-20T14:07:44","modified_gmt":"2017-06-20T12:07:44","slug":"nutzungsgeschichten-aus-des-wienerwaldes-das-dativ-ist-des-genitives-seines-todes","status":"publish","type":"post","link":"http:\/\/haarindersuppe.com\/wordpress\/2017\/06\/20\/nutzungsgeschichten-aus-des-wienerwaldes-das-dativ-ist-des-genitives-seines-todes\/","title":{"rendered":"Nutzungsgeschichten aus dem Wienerwald"},"content":{"rendered":"<h2 align=\"center\"><span style=\"font-size: large;\">Nutzungsgeschichten aus dem Wienerwald<\/span><\/h2>\n<ul>\n<li><span style=\"font-size: medium;\">1001 schenkt der deutsche Kaiser dem babenbergischen Markgraf Heirich den Wienerwald zwischen Triesting und Liesing. Nach und nach kommt das gesamte Gebiet des Wienerwaldes zuerst an die Babenberger und anschlie\u00dfend an die Habsburger.<\/span><\/li>\n<li><span style=\"font-size: medium;\">Um 1500 beginnt die Holznutzung an Bedeutung zu gewinnen.<\/span><\/li>\n<li><span style=\"font-size: medium;\">1529: erste T\u00fcrkenbelagerung.<\/span><\/li>\n<li><span style=\"font-size: medium;\">1679 war die Pest in Wien und in den umliegenden Wienerwald Gemeinden und t\u00f6tet viele tausend Menschen. <\/span><\/li>\n<li><span style=\"font-size: medium;\">1683: Die T\u00fcrken belagern Wien und w\u00fcten im Wienerwald und vernichten viel vom Holzbestand.<\/span><\/li>\n<li><span style=\"font-size: medium;\">Im 18 Jhtd. breiten sich die von den Kl\u00f6stern veredelten Obstsorten um den Wienerwald aus.<\/span><\/li>\n<li><span style=\"font-size: medium;\">Anfang des 19. Jhdt. l\u00f6st die Fruchtwechselwirtschaft die Dreifelderwirtschaft langsam ab, was eine bessere Bodennutzung mit sich bringt.<\/span><\/li>\n<li><span style=\"font-size: medium;\">1848 wurden die einzelnen Gemeinden infolge der Revolution selbst\u00e4ndig, doch f\u00fcr forstliche Belange war noch immer der Sitz in Purkersdorf zust\u00e4ndig.<\/span><\/li>\n<li><span style=\"font-size: medium;\">1870-1872 verhinderte Josef Sch\u00f6ffel den Verkauf des Wienerwaldes an Holzh\u00e4ndler, der schon fasst beschlossene Sache war.<\/span><\/li>\n<li><span style=\"font-size: medium;\">1950: Beginn der verbesserten Landwirtschaft durch Motorisierung und Mechanisierung.<\/span><\/li>\n<li><span style=\"font-size: medium;\">1980: durch Siedlungsdruck verschwinden viele Obstg\u00e4rten und Wiesen.<\/span><\/li>\n<li><a name=\"_GoBack\"><\/a> <span style=\"font-size: medium;\">2005: Der Wienerwald wird UNESCO Biosph\u00e4renpark.<\/span><\/li>\n<\/ul>\n<p>Damit anschaulicher wird, wie das b\u00e4uerliche Leben in der Vergangenheit abgelaufen ist, hier <a href=\"http:\/\/haarindersuppe.com\/2017\/06\/20\/wie-franziska-schachinger-in-der-ersten-haelfte-des-20-jahrhunderts-lebte\/\" target=\"_blank\" rel=\"noopener\">die Erz\u00e4hlungen der Franziska Schachinger<\/a><br \/>\n&nbsp;<\/p>\n","protected":false},"excerpt":{"rendered":"<p>Nutzungsgeschichten aus dem Wienerwald 1001 schenkt der deutsche Kaiser dem babenbergischen Markgraf Heirich den Wienerwald zwischen Triesting und Liesing. Nach und nach kommt das gesamte Gebiet des Wienerwaldes zuerst an die Babenberger und anschlie\u00dfend an die Habsburger. Um 1500 beginnt die Holznutzung an Bedeutung zu gewinnen. 1529: erste T\u00fcrkenbelagerung. 1679 war die Pest in Wien &hellip; <a href=\"http:\/\/haarindersuppe.com\/wordpress\/2017\/06\/20\/nutzungsgeschichten-aus-des-wienerwaldes-das-dativ-ist-des-genitives-seines-todes\/\" class=\"more-link\"><span class=\"screen-reader-text\">&#8222;Nutzungsgeschichten aus dem Wienerwald&#8220; <\/span>weiterlesen<\/a><\/p>\n","protected":false},"author":1,"featured_media":0,"comment_status":"open","ping_status":"open","sticky":false,"template":"","format":"standard","meta":[],"categories":[44],"tags":[],"_links":{"self":[{"href":"http:\/\/haarindersuppe.com\/wordpress\/wp-json\/wp\/v2\/posts\/538"}],"collection":[{"href":"http:\/\/haarindersuppe.com\/wordpress\/wp-json\/wp\/v2\/posts"}],"about":[{"href":"http:\/\/haarindersuppe.com\/wordpress\/wp-json\/wp\/v2\/types\/post"}],"author":[{"embeddable":true,"href":"http:\/\/haarindersuppe.com\/wordpress\/wp-json\/wp\/v2\/users\/1"}],"replies":[{"embeddable":true,"href":"http:\/\/haarindersuppe.com\/wordpress\/wp-json\/wp\/v2\/comments?post=538"}],"version-history":[{"count":0,"href":"http:\/\/haarindersuppe.com\/wordpress\/wp-json\/wp\/v2\/posts\/538\/revisions"}],"wp:attachment":[{"href":"http:\/\/haarindersuppe.com\/wordpress\/wp-json\/wp\/v2\/media?parent=538"}],"wp:term":[{"taxonomy":"category","embeddable":true,"href":"http:\/\/haarindersuppe.com\/wordpress\/wp-json\/wp\/v2\/categories?post=538"},{"taxonomy":"post_tag","embeddable":true,"href":"http:\/\/haarindersuppe.com\/wordpress\/wp-json\/wp\/v2\/tags?post=538"}],"curies":[{"name":"wp","href":"https:\/\/api.w.org\/{rel}","templated":true}]}}